{"id":2179,"date":"2022-07-06T08:25:50","date_gmt":"2022-07-06T06:25:50","guid":{"rendered":"https:\/\/www.mediamixx.eu\/?p=2179"},"modified":"2022-07-06T08:26:23","modified_gmt":"2022-07-06T06:26:23","slug":"segel-hissen","status":"publish","type":"post","link":"https:\/\/www.mediamixx.eu\/de\/segel-hissen\/","title":{"rendered":"Segel hissen!"},"content":{"rendered":"\n<p><strong>Maritime Premiere f\u00fcr mediamixx: Gemeinsam mit unserem Partner <a href=\"https:\/\/norak.de\/\" target=\"_blank\" rel=\"noreferrer noopener\" aria-label=\"Norak (\u00f6ffnet in neuem Tab)\">Norak<\/a> erm\u00f6glichen wir Maria Magdalena Riedel die Erf\u00fcllung eines lang gehegten Traumes \u2212 die Teilnahme am <a rel=\"noreferrer noopener\" aria-label=\"Tall Ship Race (\u00f6ffnet in neuem Tab)\" href=\"https:\/\/sailtraininginternational.org\/event\/the-tall-ships-races-2022\/\" target=\"_blank\">Tall Ship Race<\/a>. Bald gehen wir mit ihr in Gedanken mit an Bord der <a rel=\"noreferrer noopener\" aria-label=\"Gulden Leeuw (\u00f6ffnet in neuem Tab)\" href=\"https:\/\/www.guldenleeuw.com\/en\/foto-s-video-s\/photos.html\" target=\"_blank\">Gulden Leeuw<\/a> und freuen uns auf einige interessante pers\u00f6nliche Eindr\u00fccke von der traditionsreichen Regatta. <\/strong><\/p>\n\n\n\n<p>Im Folgenden stellt sich Maria kurz vor und schildert, was es genau mit der Aktion auf sich hat\u2026<\/p>\n\n\n\n<p>Wir w\u00fcnschen Dir Mast- und Schotbruch, liebe Maria!  <\/p>\n\n\n\n<p>Ich bin Maria Magdalena Riedel und lebe in der Studentenstadt Mu\u0308nster. Dort studiere ich Niederlande-Deutschland-Studien im Bachelor. Von klein auf an bin ich immer wieder in den Niederlanden gesegelt. Bisher kenne ich aber nur das IJsselmeer und die Waddenzee. <br> Das soll sich jetzt a\u0308ndern\u2026 Die Teilnahme am diesja\u0308hrigen Tall Ship Race (TSR) bedeutet ein gro\u00dfes Abenteuer fu\u0308r mich! Am 9. Juli geht es los. Wir fahren zuna\u0308chst mit dem Bus nach Esbjerg\/Da\u0308nemark. <\/p>\n\n\n\n<div class=\"wp-block-image\"><figure class=\"aligncenter\"><img loading=\"lazy\" decoding=\"async\" width=\"500\" height=\"344\" src=\"https:\/\/www.mediamixx.eu\/wp-content\/uploads\/2022\/07\/Maria-ist-schon-seit-Kindertagen-begeisterte-Seglerin.png\" alt=\"Fr\u00fch \u00fcbt sich\u2026 Maria ist schon seit Kindertagen begeisterte Seglerin. Bild: https:\/\/www.flickr.com\/photos\/igel_rupert\/\" class=\"wp-image-2182\" srcset=\"https:\/\/www.mediamixx.eu\/wp-content\/uploads\/2022\/07\/Maria-ist-schon-seit-Kindertagen-begeisterte-Seglerin.png 500w, https:\/\/www.mediamixx.eu\/wp-content\/uploads\/2022\/07\/Maria-ist-schon-seit-Kindertagen-begeisterte-Seglerin-300x206.png 300w\" sizes=\"(max-width: 500px) 100vw, 500px\" \/><figcaption>Fr\u00fch \u00fcbt sich\u2026 Maria ist schon seit Kindertagen begeisterte Seglerin. Bild: https:\/\/www.flickr.com\/photos\/igel_rupert\/<\/figcaption><\/figure><\/div>\n\n\n\n<h2 class=\"wp-block-heading\">\u00dcber die Regatta<\/h2>\n\n\n\n<p>Seit 1956 wird das TSR ja\u0308hrlich ausgetragen. Dieses Jahr nehmen etwa 33 Schiffe aus der ganzen Welt am Rennen teil. Die Regatta beginnt in Esbjerg. Von dort geht die Reise nach Harlingen in den Niederlanden. Auf diesem Abschnitt findet das erste Rennen statt. Nachdem die teilnehmenden Schiffe Harlingen erreicht haben, geht es in moderatem Tempo weiter nach Antwerpen\/Belgien. Hier startet das zweite Rennen mit dem Ziel Aalborg\/Da\u0308nemark. <br> Ich werde an Bord der Gulden Leeuw auf dem Weg von Esbjerg nach Harlingen segeln. <\/p>\n\n\n\n<h2 class=\"wp-block-heading\">Unter niederl\u00e4ndischer Flagge<\/h2>\n\n\n\n<p>Die Gulden Leeuw wurde 1937 gebaut und segelt unter niederla\u0308ndischer Flagge u\u0308ber die Weltmeere. Mit ihren fast 70 Meter La\u0308nge ist sie ein imposantes Schiff. An Bord befinden sich etwa 60 Leute \u2212 darunter sind auch wir Trainees aus den verschiedensten Nationen. Von der Reise erhoffe ich mir \u2212 neben der Verbesserung meiner Segelkenntnisse \u2212 auch den Erwerb sozialer Kompetenz durch Verantwortung und Teamarbeit sowie Freundschaften mit der internationalen Besatzung. Die Aufgaben an Bord sind vielfa\u0308ltig. Wir werden navigieren, Segel hissen, Wache gehen und den Mast hinauf bis ins Kra\u0308hennest klettern. Das Kochen fu\u0308r die Besatzung und natu\u0308rlich auch der Abwasch geho\u0308ren ebenfalls zu unseren Ta\u0308tigkeiten an Bord. Ich werde meine Niederla\u0308ndisch-Sprachkenntnisse erweitern ko\u0308nnen, was eine hervorragende Vorbereitung fu\u0308r mein Auslandssemester und meinen spa\u0308teren beruflichen Werdegang ist. Ich freue mich auf diese perso\u0308nlichen Herausforderungen und wu\u0308nsche mir, den Mast zu entern und nicht seekrank zu werden! <\/p>\n\n\n\n<div class=\"wp-block-image\"><figure class=\"aligncenter\"><img loading=\"lazy\" decoding=\"async\" width=\"500\" height=\"422\" src=\"https:\/\/www.mediamixx.eu\/wp-content\/uploads\/2022\/07\/Gro\u00dfsegler-im-Harlinger-Hafen.png\" alt=\"Gro\u00dfsegler im Harlinger Hafen. Bild: https:\/\/www.flickr.com\/photos\/igel_rupert\/\" class=\"wp-image-2184\" srcset=\"https:\/\/www.mediamixx.eu\/wp-content\/uploads\/2022\/07\/Gro\u00dfsegler-im-Harlinger-Hafen.png 500w, https:\/\/www.mediamixx.eu\/wp-content\/uploads\/2022\/07\/Gro\u00dfsegler-im-Harlinger-Hafen-300x253.png 300w\" sizes=\"(max-width: 500px) 100vw, 500px\" \/><figcaption>Gro\u00dfsegler im Harlinger Hafen. Bild: https:\/\/www.flickr.com\/photos\/igel_rupert\/<\/figcaption><\/figure><\/div>\n\n\n\n<h2 class=\"wp-block-heading\">In Harlingen mit dabei sein<\/h2>\n\n\n\n<p style=\"text-align:left\">Jedem Interessierten kann ich nur empfehlen, sich zwischen dem 14. und 17. Juli auf den Weg nach Harlingen zu machen \u2212 es lohnt sich! Es wird einen touristischen Markt geben, zudem sind mehrere Konzerte und Theaterdarbietungen von internationalen Ku\u0308nstlern geplant. <br> Die Einfahrt der teilnehmenden Schiffe \u2212 das wei\u00df ich aus eigener Erfahrung \u2212 ist spektakula\u0308r. <\/p>\n\n\n\n<p>In wenigen Tagen geht es bereits los \u2212 ich muss jetzt meine Taschen packen. Auf hoher See werde ich f\u00fcnf Tage lang keine Mo\u0308glichkeit haben, mich zu melden. Nach meiner Ru\u0308ckkehr lasse ich aber umgehend von mir ho\u0308ren! <\/p>\n\n\n\n<p>Vorab mo\u0308chte ich mich schon einmal bei meinen Sponsoren <strong>mediamixx<\/strong> und <strong>Norak<\/strong> bedanken. Ohne eure Gro\u00dfzu\u0308gigkeit und das mir entgegengebrachte Vertrauen wa\u0308re diese Reise nicht mo\u0308glich. Danke dafu\u0308r!! <\/p>\n","protected":false},"excerpt":{"rendered":"<p>Maritime Premiere f\u00fcr mediamixx: Gemeinsam mit unserem Partner Norak erm\u00f6glichen wir Maria Magdalena Riedel die Erf\u00fcllung eines lang gehegten Traumes \u2212 die Teilnahme am Tall Ship Race. Bald gehen wir mit ihr in Gedanken mit an Bord der Gulden Leeuw und freuen uns auf einige interessante pers\u00f6nliche Eindr\u00fccke von der traditionsreichen Regatta. Im Folgenden stellt&hellip;<\/p>\n","protected":false},"author":3,"featured_media":2180,"comment_status":"closed","ping_status":"open","sticky":false,"template":"","format":"standard","meta":{"_acf_changed":false,"footnotes":""},"categories":[40],"tags":[],"post_series":[],"acf":[],"_links":{"self":[{"href":"https:\/\/www.mediamixx.eu\/de\/wp-json\/wp\/v2\/posts\/2179"}],"collection":[{"href":"https:\/\/www.mediamixx.eu\/de\/wp-json\/wp\/v2\/posts"}],"about":[{"href":"https:\/\/www.mediamixx.eu\/de\/wp-json\/wp\/v2\/types\/post"}],"author":[{"embeddable":true,"href":"https:\/\/www.mediamixx.eu\/de\/wp-json\/wp\/v2\/users\/3"}],"replies":[{"embeddable":true,"href":"https:\/\/www.mediamixx.eu\/de\/wp-json\/wp\/v2\/comments?post=2179"}],"version-history":[{"count":2,"href":"https:\/\/www.mediamixx.eu\/de\/wp-json\/wp\/v2\/posts\/2179\/revisions"}],"predecessor-version":[{"id":2187,"href":"https:\/\/www.mediamixx.eu\/de\/wp-json\/wp\/v2\/posts\/2179\/revisions\/2187"}],"wp:featuredmedia":[{"embeddable":true,"href":"https:\/\/www.mediamixx.eu\/de\/wp-json\/wp\/v2\/media\/2180"}],"wp:attachment":[{"href":"https:\/\/www.mediamixx.eu\/de\/wp-json\/wp\/v2\/media?parent=2179"}],"wp:term":[{"taxonomy":"category","embeddable":true,"href":"https:\/\/www.mediamixx.eu\/de\/wp-json\/wp\/v2\/categories?post=2179"},{"taxonomy":"post_tag","embeddable":true,"href":"https:\/\/www.mediamixx.eu\/de\/wp-json\/wp\/v2\/tags?post=2179"},{"taxonomy":"post_series","embeddable":true,"href":"https:\/\/www.mediamixx.eu\/de\/wp-json\/wp\/v2\/post_series?post=2179"}],"curies":[{"name":"wp","href":"https:\/\/api.w.org\/{rel}","templated":true}]}}